{"id":1010,"date":"2026-05-14T12:45:44","date_gmt":"2026-05-14T10:45:44","guid":{"rendered":"https:\/\/emerginglinguists.org\/?p=1010"},"modified":"2026-05-14T12:46:09","modified_gmt":"2026-05-14T10:46:09","slug":"updates-aus-dem-verein","status":"publish","type":"post","link":"https:\/\/emerginglinguists.org\/en\/updates-aus-dem-verein\/","title":{"rendered":"Updates aus dem Verein"},"content":{"rendered":"<p class=\"wp-block-paragraph\">Das Jahr 2026 ist bereits ein paar Monate alt und die Mitgliederversammlung liegt ebenfalls schon zur\u00fcck. Wie es in unserem Vereinsleben so ist, fallen h\u00e4ufig mehrere Dinge gleichzeitig an, wodurch andere l\u00e4nger liegen bleiben.<br>Unsere <a href=\"https:\/\/emerginglinguists.org\/en\/reflecting-on-2025-welcomes-goodbyes-and-novelties\/\">Reflexion zum Jahr 2025<\/a> liegt schon etwas zur\u00fcck, entsprechend ist es meiner Ansicht nach an der Zeit, einen kurzen Einblick zu geben, was seither alles passiert ist.<\/p>\n\n\n\n<h2 class=\"wp-block-heading\">Ein Dankesch\u00f6n <\/h2>\n\n\n\n<div class=\"wp-block-media-text is-stacked-on-mobile\" style=\"grid-template-columns:23% auto\"><figure class=\"wp-block-media-text__media\"><img loading=\"lazy\" decoding=\"async\" width=\"500\" height=\"500\" src=\"https:\/\/emerginglinguists.org\/wp-content\/uploads\/2022\/12\/Emerging-Linguists_Nikola.jpg\" alt=\"Emerging Linguists - Kassieren - Nikola\" class=\"wp-image-80 size-full\" srcset=\"https:\/\/emerginglinguists.org\/wp-content\/uploads\/2022\/12\/Emerging-Linguists_Nikola.jpg 500w, https:\/\/emerginglinguists.org\/wp-content\/uploads\/2022\/12\/Emerging-Linguists_Nikola-300x300.jpg 300w, https:\/\/emerginglinguists.org\/wp-content\/uploads\/2022\/12\/Emerging-Linguists_Nikola-150x150.jpg 150w, https:\/\/emerginglinguists.org\/wp-content\/uploads\/2022\/12\/Emerging-Linguists_Nikola-250x250.jpg 250w\" sizes=\"auto, (max-width: 500px) 100vw, 500px\" \/><\/figure><div class=\"wp-block-media-text__content\">\n<p class=\"wp-block-paragraph\">Im Rahmen der Generalversammlung hat Nikola den Vorstand verlassen. Nikola war bereits bei der <a href=\"https:\/\/70.stuts.de\/\">70 StuTS<\/a> ma\u00dfgeblich an der Organisation und Durchf\u00fchrung beteiligt und geh\u00f6rt zu den Gr\u00fcndungsmitgliedern des Vereins und das, obwohl er mit Linguistik eigentlich nichts zu tun hat. Seit der Gr\u00fcndung war Nikola unser <em>moneyboy<\/em> und hat entsprechend daf\u00fcr gesorgt, dass die Finanzen ordentlich verwaltet werden. <\/p>\n\n\n\n<p class=\"wp-block-paragraph\">Wir danken ihm f\u00fcr sein Engagement und daf\u00fcr einem Haufen Linguist:innen in finanziellen Sachen zur Seite gestanden zu haben und w\u00fcnschen ihm alles Gute. Und nat\u00fcrlich freuen wir uns, dass wir ihn trotzdem weiterhin sehen.<\/p>\n<\/div><\/div>\n\n\n\n<h2 class=\"wp-block-heading\">Neue Gesichter<\/h2>\n\n\n\n<p class=\"wp-block-paragraph\">Mit der Generalversammlung wurde der Vorstand neu gew\u00e4hlt. Viele Gesichter bleiben die gleichen, weshalb ihr auf der <a href=\"https:\/\/emerginglinguists.org\/en\/team\/\">Teamseite<\/a> weiterhin Laura, Dina, Marina und mich (Ren\u00e9) sehen k\u00f6nnt. Aber wir d\u00fcrfen auch zwei neue Gesichter begr\u00fc\u00dfen.<\/p>\n\n\n\n<div class=\"wp-block-media-text has-media-on-the-right is-stacked-on-mobile\" style=\"grid-template-columns:auto 23%\"><div class=\"wp-block-media-text__content\">\n<p class=\"wp-block-paragraph\">Janina Deilke forscht am Institut f\u00fcr Germanistik der Universit\u00e4t Innsbruck im Projekt IndeKS. Dort besch\u00e4ftigt sie sich damit, wie Sprecher:innen Kommunikationsverben mit situativen Kontexten verkn\u00fcpfen. Wir haben Janina auf der <a href=\"https:\/\/emerginglinguists.org\/en\/49-oesterreichische-linguistiktagung\/\">49. \u00d6sterreichischen Linguistiktagung<\/a> kennengelernt, wo sie einen spannenden Vortrag unter dem Titel &#8222;Sprecher*innenwissen zu Kommunikationsverben: Methodenvergleich von Rating, Elicitation und Pile-Sorting&#8220; gehalten hat. Janina ist seit der Generalversammlung nun Kassiererin bei uns. Und wir &#8211; und besonders ich &#8211; freuen uns, dass wir nun ein Vorstandsmitglied an meiner Alma Mater, der <a href=\"https:\/\/www.uibk.ac.at\/de\/\">Universit\u00e4t Innsbruck<\/a>, dabei haben.<\/p>\n<\/div><figure class=\"wp-block-media-text__media\"><img loading=\"lazy\" decoding=\"async\" width=\"1024\" height=\"1024\" src=\"https:\/\/emerginglinguists.org\/wp-content\/uploads\/2026\/03\/Janina-e1772548445852-1024x1024.jpeg\" alt=\"\" class=\"wp-image-1002 size-full\" srcset=\"https:\/\/emerginglinguists.org\/wp-content\/uploads\/2026\/03\/Janina-e1772548445852-1024x1024.jpeg 1024w, https:\/\/emerginglinguists.org\/wp-content\/uploads\/2026\/03\/Janina-e1772548445852-300x300.jpeg 300w, https:\/\/emerginglinguists.org\/wp-content\/uploads\/2026\/03\/Janina-e1772548445852-150x150.jpeg 150w, https:\/\/emerginglinguists.org\/wp-content\/uploads\/2026\/03\/Janina-e1772548445852-768x768.jpeg 768w, https:\/\/emerginglinguists.org\/wp-content\/uploads\/2026\/03\/Janina-e1772548445852-1536x1536.jpeg 1536w, https:\/\/emerginglinguists.org\/wp-content\/uploads\/2026\/03\/Janina-e1772548445852-2048x2048.jpeg 2048w, https:\/\/emerginglinguists.org\/wp-content\/uploads\/2026\/03\/Janina-e1772548445852-12x12.jpeg 12w\" sizes=\"auto, (max-width: 1024px) 100vw, 1024px\" \/><\/figure><\/div>\n\n\n\n<div class=\"wp-block-media-text is-stacked-on-mobile\" style=\"grid-template-columns:23% auto\"><figure class=\"wp-block-media-text__media\"><img loading=\"lazy\" decoding=\"async\" width=\"688\" height=\"713\" src=\"https:\/\/emerginglinguists.org\/wp-content\/uploads\/2026\/03\/Stefan.jpeg\" alt=\"\" class=\"wp-image-1000 size-full\" srcset=\"https:\/\/emerginglinguists.org\/wp-content\/uploads\/2026\/03\/Stefan.jpeg 688w, https:\/\/emerginglinguists.org\/wp-content\/uploads\/2026\/03\/Stefan-289x300.jpeg 289w, https:\/\/emerginglinguists.org\/wp-content\/uploads\/2026\/03\/Stefan-12x12.jpeg 12w\" sizes=\"auto, (max-width: 688px) 100vw, 688px\" \/><\/figure><div class=\"wp-block-media-text__content\">\n<p class=\"wp-block-paragraph\">Stefan Gst\u00f6ttenmayr studiert Angewandte Linguistik und DaF\/Z im Master. Sein Schwerpunkt liegt auf Variationslinguistik, Soziolinguistik und Diskursanalyse. Er arbeitet als Office Manager an der FH Wien der WKW und Studienassistent an der Uni Wien und ist zudem wie ich Projektmitarbeiter beim Forschungsprojekt <a href=\"https:\/\/multilinguai.univie.ac.at\/\">MultilinguA.I.<\/a>, wo wir uns anschauen, wie generative KI im Fremdsprachenunterricht eingesetzt werden kann. Auch Stefan haben wir so richtig an der <a href=\"https:\/\/multilinguai.univie.ac.at\/\">49. \u00d6sterreichischen Linguistiktagung<\/a> kennengelernt, wo er eine Pr\u00e4sentation zum Thema &#8222;Konjunktiv II-Verwendung im Ostmittelbairischen: Eine soziolinguistische Untersuchung im Bezirk Amstetten&#8220; gehalten hat. Stefan ist als Schriftf\u00fchrer Teil des Vorstands und organisiert gerade mit Marina hauptverantwortlich die <a href=\"https:\/\/sprawien.at\/\">3. spraWIEN<\/a>. Wir freuen uns, dass wir ihn dabei haben. <\/p>\n<\/div><\/div>\n\n\n\n<h2 class=\"wp-block-heading\">Die lange Nacht der Forschung<\/h2>\n\n\n\n<div class=\"wp-block-media-text is-stacked-on-mobile\"><figure class=\"wp-block-media-text__media\"><img loading=\"lazy\" decoding=\"async\" width=\"1024\" height=\"682\" src=\"https:\/\/emerginglinguists.org\/wp-content\/uploads\/2026\/05\/WhatsApp-Image-2026-05-09-at-12.28.50-1024x682.jpeg\" alt=\"\" class=\"wp-image-1011 size-full\" srcset=\"https:\/\/emerginglinguists.org\/wp-content\/uploads\/2026\/05\/WhatsApp-Image-2026-05-09-at-12.28.50-1024x682.jpeg 1024w, https:\/\/emerginglinguists.org\/wp-content\/uploads\/2026\/05\/WhatsApp-Image-2026-05-09-at-12.28.50-300x200.jpeg 300w, https:\/\/emerginglinguists.org\/wp-content\/uploads\/2026\/05\/WhatsApp-Image-2026-05-09-at-12.28.50-768x512.jpeg 768w, https:\/\/emerginglinguists.org\/wp-content\/uploads\/2026\/05\/WhatsApp-Image-2026-05-09-at-12.28.50-1536x1023.jpeg 1536w, https:\/\/emerginglinguists.org\/wp-content\/uploads\/2026\/05\/WhatsApp-Image-2026-05-09-at-12.28.50-18x12.jpeg 18w, https:\/\/emerginglinguists.org\/wp-content\/uploads\/2026\/05\/WhatsApp-Image-2026-05-09-at-12.28.50.jpeg 1600w\" sizes=\"auto, (max-width: 1024px) 100vw, 1024px\" \/><\/figure><div class=\"wp-block-media-text__content\">\n<p class=\"wp-block-paragraph\">Am 24.04.2026 fand die <a href=\"https:\/\/langenachtderforschung.at\/\">Lange Nacht der Forschung<\/a> statt. Unter dem Titel &#8222;<a href=\"https:\/\/langenachtderforschung.at\/station\/5630\">Wie er:leben wir Sprache:n<\/a>?&#8220; haben Lukas Nemesthoty, Hanna Doppler, Carola Koblitz, Stefan Gst\u00f6ttenmayr und ich, Ren\u00e9 Foidl, uns gefragt, wie Sprache pr\u00e4gt, wer wir sind und wie wir durch und mit Sprache die Welt wahrnehmen. Die interaktive Mitmachstation deckte dabei Themen wie Mehrsprachigkeit, Phono\u00e4sthetik sowie KI und Sprache ab. <\/p>\n\n\n\n<p class=\"wp-block-paragraph\">Bild: \u00a9 Markus Korenjak<\/p>\n<\/div><\/div>\n\n\n\n<h2 class=\"wp-block-heading\">3. spraWIEN<\/h2>\n\n\n\n<p class=\"wp-block-paragraph\">Die <a href=\"https:\/\/sprawien.at\/\">3. spraWIEN<\/a> befindet sich aktuell in den finalen Z\u00fcgen. Die Abstracts wurden reviewt und die Zusagen sowie Absagen sind mittlerweile ausgeschickt. Mit beinahe 70 Einreichungen hat sich die Anzahl der Beitr\u00e4ge im Vergleich zum Vorjahr deutlich erh\u00f6ht. Einreichungen haben wir nicht nur aus \u00d6sterreich, sondern unter anderem auch aus der Schweiz, der Slowakei, den USA, China, Pakistan und Tansania erhalten. Die spraWIEN ist mittlerweile also keine lokale, sondern eine internationale Tagung f\u00fcr Studierende, Absolvent:innen sowie Interessierte an sprachbezogener Wissenschaft geworden.<\/p>\n\n\n\n<p class=\"wp-block-paragraph\">Um m\u00f6glichst vielen Menschen Raum zu geben, haben wir unsere r\u00e4umlichen Kapazit\u00e4ten am <a href=\"https:\/\/linguistik.univie.ac.at\/\">Institut f\u00fcr Sprachwissenschaft<\/a> an der Universit\u00e4t Wien vollkommen ausgesch\u00f6pft. Leider mussten wir dennoch vielen Personen absagen. Dies bedeutet aber nicht, dass die eingereichten Beitr\u00e4ge schlecht waren. Das double-blind Peer Review sorgte daf\u00fcr, eine faire Platzvergabe zu gew\u00e4hrleisten und ab einer Punktzahl von 4,2 von 5 waren bereits alle Pl\u00e4tze belegt. <\/p>\n\n\n\n<p class=\"wp-block-paragraph\">Wenn du noch teilnehmen m\u00f6chtest, kannst du dich bis zum 31.05.2026 <a href=\"https:\/\/sprawien.at\/teilnehmen\/\">als Teilnehmer:in anmelden<\/a>.<\/p>\n\n\n\n<h2 class=\"wp-block-heading\">Dies und das<\/h2>\n\n\n\n<p class=\"wp-block-paragraph\">Neben all diesen Dingen sind nat\u00fcrlich auch andere Projekte am Laufen. Wir arbeiten aktuell an einer Publikation der Proceedings der 49. \u00d6sterreichischen Linguistiktagung mit der <a href=\"https:\/\/www.sav.sk\/?lang=en\">Slovak Academy of Sciences<\/a> und an der Publikation der Proceedings der 2. spraWIEN mit der <a href=\"https:\/\/wlg.univie.ac.at\/\">Wiener Linguistischen Gazette<\/a>. Auch eine Teilnahme an der 50. \u00d6sterreichischen Linguistiktagung ist angedacht, ebenso wie weitere Ideen zu einem Studierendenseminar an der Sprachwissenschaft in Wien, einem Podcast und anderen Formaten. <\/p>\n\n\n\n<p class=\"wp-block-paragraph\">Und, was vielleicht auch wichtig ist, das Protokoll der <a href=\"https:\/\/emerginglinguists.org\/en\/statuten-generalversammlung-und-finanzbericht\/\">Generalversammlung und der Finanzbericht f\u00fcr 2025 <\/a>sind online. <\/p>\n\n\n\n<p class=\"wp-block-paragraph\">Wenn du ein Projekt, eine Idee hast, oder mitwirken willst, dann melde dich gerne bei uns. Wir freuen uns.<\/p>","protected":false},"excerpt":{"rendered":"<p>Ren\u00e9 informiert in diesem Beitrag \u00fcber unterschiedliche Updates aus dem Verein.<br \/>\nBild: \u00a9 Markus Korenjak<\/p>","protected":false},"author":1,"featured_media":1011,"comment_status":"closed","ping_status":"closed","sticky":false,"template":"","format":"standard","meta":{"footnotes":"","_members_access_role":[],"_members_access_error":""},"categories":[1],"tags":[],"class_list":["post-1010","post","type-post","status-publish","format-standard","has-post-thumbnail","hentry","category-allgemein"],"_links":{"self":[{"href":"https:\/\/emerginglinguists.org\/en\/wp-json\/wp\/v2\/posts\/1010","targetHints":{"allow":["GET"]}}],"collection":[{"href":"https:\/\/emerginglinguists.org\/en\/wp-json\/wp\/v2\/posts"}],"about":[{"href":"https:\/\/emerginglinguists.org\/en\/wp-json\/wp\/v2\/types\/post"}],"author":[{"embeddable":true,"href":"https:\/\/emerginglinguists.org\/en\/wp-json\/wp\/v2\/users\/1"}],"replies":[{"embeddable":true,"href":"https:\/\/emerginglinguists.org\/en\/wp-json\/wp\/v2\/comments?post=1010"}],"version-history":[{"count":3,"href":"https:\/\/emerginglinguists.org\/en\/wp-json\/wp\/v2\/posts\/1010\/revisions"}],"predecessor-version":[{"id":1018,"href":"https:\/\/emerginglinguists.org\/en\/wp-json\/wp\/v2\/posts\/1010\/revisions\/1018"}],"wp:featuredmedia":[{"embeddable":true,"href":"https:\/\/emerginglinguists.org\/en\/wp-json\/wp\/v2\/media\/1011"}],"wp:attachment":[{"href":"https:\/\/emerginglinguists.org\/en\/wp-json\/wp\/v2\/media?parent=1010"}],"wp:term":[{"taxonomy":"category","embeddable":true,"href":"https:\/\/emerginglinguists.org\/en\/wp-json\/wp\/v2\/categories?post=1010"},{"taxonomy":"post_tag","embeddable":true,"href":"https:\/\/emerginglinguists.org\/en\/wp-json\/wp\/v2\/tags?post=1010"}],"curies":[{"name":"wp","href":"https:\/\/api.w.org\/{rel}","templated":true}]}}