{"id":964,"date":"2026-01-17T12:25:34","date_gmt":"2026-01-17T11:25:34","guid":{"rendered":"https:\/\/emerginglinguists.org\/?p=964"},"modified":"2026-01-17T12:25:35","modified_gmt":"2026-01-17T11:25:35","slug":"reflecting-on-2025-welcomes-goodbyes-and-novelties","status":"publish","type":"post","link":"https:\/\/emerginglinguists.org\/de\/reflecting-on-2025-welcomes-goodbyes-and-novelties\/","title":{"rendered":"Reflecting on 2025: Welcomes, Goodbyes, and Novelties"},"content":{"rendered":"\n<p class=\"wp-block-paragraph\">2026 is barely two weeks old, and for us as an association, the new year begins with a reflection on everything that happened throughout 2025.<\/p>\n\n\n\n<h2 class=\"wp-block-heading\"><strong>Welcomes, Goodbyes, and Novelties<\/strong> <\/h2>\n\n\n\n<div class=\"wp-block-media-text is-stacked-on-mobile\" style=\"grid-template-columns:19% auto\"><figure class=\"wp-block-media-text__media\"><img loading=\"lazy\" decoding=\"async\" width=\"370\" height=\"370\" src=\"https:\/\/emerginglinguists.org\/wp-content\/uploads\/2025\/03\/marina.png\" alt=\"\" class=\"wp-image-862 size-full\" srcset=\"https:\/\/emerginglinguists.org\/wp-content\/uploads\/2025\/03\/marina.png 370w, https:\/\/emerginglinguists.org\/wp-content\/uploads\/2025\/03\/marina-300x300.png 300w, https:\/\/emerginglinguists.org\/wp-content\/uploads\/2025\/03\/marina-150x150.png 150w, https:\/\/emerginglinguists.org\/wp-content\/uploads\/2025\/03\/marina-12x12.png 12w\" sizes=\"auto, (max-width: 370px) 100vw, 370px\" \/><\/figure><div class=\"wp-block-media-text__content\">\n<p class=\"wp-block-paragraph\">On February 19th, 2025, our <a href=\"https:\/\/emerginglinguists.org\/wp-content\/uploads\/2025\/04\/General_Assembly_2025.pdf\">General Assembly for the 2024 year <\/a>took place. We reflected on the previous year, discussed finances, and were delighted to welcome a new person to our board. Marina decided to join our lovely association after we met her at the \u00d6sterreichische Linguistiktagung in Innsbruck, where she was presenting. We kept in touch, and soon after, she joined the team. She has been a wonderful addition to the association; it has been delightful creating cool new stuff together, and we are thrilled to have her with us.<\/p>\n<\/div><\/div>\n\n\n\n<div class=\"wp-block-media-text has-media-on-the-right is-stacked-on-mobile\" style=\"grid-template-columns:auto 19%\"><div class=\"wp-block-media-text__content\">\n<p class=\"wp-block-paragraph\">With Marina joining, we thought our board was finally complete. Unfortunately, shortly afterward, David decided to step down as he found a new job that demanded his full attention. David was a wonderful board member and so much fun to create with. While we were sad to see him go, we are obviously happy that he found something that brings him joy.<\/p>\n<\/div><figure class=\"wp-block-media-text__media\"><img loading=\"lazy\" decoding=\"async\" width=\"1024\" height=\"1024\" src=\"https:\/\/emerginglinguists.org\/wp-content\/uploads\/2024\/03\/01_resized_20240321_012426847-2-1024x1024.jpg\" alt=\"\" class=\"wp-image-422 size-full\" srcset=\"https:\/\/emerginglinguists.org\/wp-content\/uploads\/2024\/03\/01_resized_20240321_012426847-2-1024x1024.jpg 1024w, https:\/\/emerginglinguists.org\/wp-content\/uploads\/2024\/03\/01_resized_20240321_012426847-2-300x300.jpg 300w, https:\/\/emerginglinguists.org\/wp-content\/uploads\/2024\/03\/01_resized_20240321_012426847-2-150x150.jpg 150w, https:\/\/emerginglinguists.org\/wp-content\/uploads\/2024\/03\/01_resized_20240321_012426847-2-768x768.jpg 768w, https:\/\/emerginglinguists.org\/wp-content\/uploads\/2024\/03\/01_resized_20240321_012426847-2-1536x1536.jpg 1536w, https:\/\/emerginglinguists.org\/wp-content\/uploads\/2024\/03\/01_resized_20240321_012426847-2-2048x2048.jpg 2048w, https:\/\/emerginglinguists.org\/wp-content\/uploads\/2024\/03\/01_resized_20240321_012426847-2-12x12.jpg 12w\" sizes=\"auto, (max-width: 1024px) 100vw, 1024px\" \/><\/figure><\/div>\n\n\n\n<p class=\"wp-block-paragraph\">On another note, in 2025 we also gave our <strong>website a facelift <\/strong>and <strong>redesigned our newsletter<\/strong>. Our goal was to make both more visually pleasing, keeping in line with our origins, while creating a space where members can participate by publishing articles and essays, or sharing information with others.<\/p>\n\n\n\n<h2 class=\"wp-block-heading\"><strong>Projects<\/strong> <\/h2>\n\n\n\n<div class=\"wp-block-media-text is-stacked-on-mobile\" style=\"grid-template-columns:19% auto\"><figure class=\"wp-block-media-text__media\"><img loading=\"lazy\" decoding=\"async\" width=\"800\" height=\"800\" src=\"https:\/\/emerginglinguists.org\/wp-content\/uploads\/2026\/01\/Unbenannt.png\" alt=\"\" class=\"wp-image-966 size-full\" srcset=\"https:\/\/emerginglinguists.org\/wp-content\/uploads\/2026\/01\/Unbenannt.png 800w, https:\/\/emerginglinguists.org\/wp-content\/uploads\/2026\/01\/Unbenannt-300x300.png 300w, https:\/\/emerginglinguists.org\/wp-content\/uploads\/2026\/01\/Unbenannt-150x150.png 150w, https:\/\/emerginglinguists.org\/wp-content\/uploads\/2026\/01\/Unbenannt-768x768.png 768w, https:\/\/emerginglinguists.org\/wp-content\/uploads\/2026\/01\/Unbenannt-12x12.png 12w\" sizes=\"auto, (max-width: 800px) 100vw, 800px\" \/><\/figure><div class=\"wp-block-media-text__content\">\n<p class=\"wp-block-paragraph\">Just three months after the \u00d6sterreichische Linguistiktagung (\u00d6LT) in Innsbruck, we received the call for workshops for the 49th \u00d6LT, scheduled for December 5th\u20138th, 2025, in Klagenfurt. With this, preparation officially began. This year, we were lucky enough to team up with the University of Klagenfurt (AAU) and Steven Schoojans. Together, we held <a href=\"https:\/\/campus.aau.at\/studium\/course\/123569\">a seminar to share our experiences and knowledge with students<\/a>. Our workshop took place on <a href=\"https:\/\/conference3.aau.at\/event\/149\/\">December 6th and 7th<\/a>, and a total of 15 people presented their marvelous work. <a href=\"https:\/\/emerginglinguists.org\/de\/vom-hoersaal-ins-orga-chaos\/\">This blog post offers some insights<\/a> from the perspective of the students from AAU that supported the workshop.s<\/p>\n<\/div><\/div>\n\n\n\n<div class=\"wp-block-media-text has-media-on-the-right is-stacked-on-mobile\" style=\"grid-template-columns:auto 19%\"><div class=\"wp-block-media-text__content\">\n<p class=\"wp-block-paragraph\">In June, after around seven months of preparation, <a href=\"http:\/\/sprawien.at\/\">the 2nd spraWIEN<\/a> took place on June 7th, 2025, at the Department of Linguistics at the University of Vienna. With around 50 participants, a keynote, and 17 presentations, the 2nd spraWIEN grew compared to the first edition. Just like the year before, it was a huge success and so much fun for us to prepare, coordinate, and host. On a side note: preparations for the 3rd spraWIEN are already underway!<\/p>\n<\/div><figure class=\"wp-block-media-text__media\"><img loading=\"lazy\" decoding=\"async\" width=\"800\" height=\"800\" src=\"https:\/\/emerginglinguists.org\/wp-content\/uploads\/2026\/01\/Unbenannt-1.png\" alt=\"\" class=\"wp-image-967 size-full\" srcset=\"https:\/\/emerginglinguists.org\/wp-content\/uploads\/2026\/01\/Unbenannt-1.png 800w, https:\/\/emerginglinguists.org\/wp-content\/uploads\/2026\/01\/Unbenannt-1-300x300.png 300w, https:\/\/emerginglinguists.org\/wp-content\/uploads\/2026\/01\/Unbenannt-1-150x150.png 150w, https:\/\/emerginglinguists.org\/wp-content\/uploads\/2026\/01\/Unbenannt-1-768x768.png 768w, https:\/\/emerginglinguists.org\/wp-content\/uploads\/2026\/01\/Unbenannt-1-12x12.png 12w\" sizes=\"auto, (max-width: 800px) 100vw, 800px\" \/><\/figure><\/div>\n\n\n\n<p class=\"wp-block-paragraph\">Following the conference, preparations for a publication based on the 2nd spraWIEN officially began. We have teamed up with the <em><a href=\"https:\/\/wlg.univie.ac.at\/\">Wiener Linguistische Gazette<\/a><\/em> (WLG) for the proceedings and aim to publish them in December 2026.<\/p>\n\n\n\n<div class=\"wp-block-media-text is-stacked-on-mobile\" style=\"grid-template-columns:19% auto\"><figure class=\"wp-block-media-text__media\"><img loading=\"lazy\" decoding=\"async\" width=\"800\" height=\"800\" src=\"https:\/\/emerginglinguists.org\/wp-content\/uploads\/2026\/01\/Unbenannt-2.png\" alt=\"\" class=\"wp-image-968 size-full\" srcset=\"https:\/\/emerginglinguists.org\/wp-content\/uploads\/2026\/01\/Unbenannt-2.png 800w, https:\/\/emerginglinguists.org\/wp-content\/uploads\/2026\/01\/Unbenannt-2-300x300.png 300w, https:\/\/emerginglinguists.org\/wp-content\/uploads\/2026\/01\/Unbenannt-2-150x150.png 150w, https:\/\/emerginglinguists.org\/wp-content\/uploads\/2026\/01\/Unbenannt-2-768x768.png 768w, https:\/\/emerginglinguists.org\/wp-content\/uploads\/2026\/01\/Unbenannt-2-12x12.png 12w\" sizes=\"auto, (max-width: 800px) 100vw, 800px\" \/><\/figure><div class=\"wp-block-media-text__content\">\n<p class=\"wp-block-paragraph\">In November, Anatol contacted us with the wish to create a <em>Stammtisch<\/em>\u2014a space where people can meet, hang out, talk about linguistics, and get to know each other. Anatol hosted the first Stammtisch in December, and the second one is taking place soon.<\/p>\n<\/div><\/div>\n\n\n\n<p class=\"wp-block-paragraph\">Finally, by the end of December\u2014and after over a year of collaboration\u2014we published the proceedings of the first spraWIEN in collaboration with the Center for Teaching and Learning. In the edition titled \u201c<a href=\"https:\/\/journals.univie.ac.at\/index.php\/urj\/issue\/view\/739\">Stimmen einer interdisziplin\u00e4ren Linguistik<\/a>,\u201d eight of the participants from the first spraWIEN published their work. What is really cool is that each article has its own DOI number.<\/p>\n\n\n\n<h2 class=\"wp-block-heading\"><strong>What will 2026 bring?<\/strong> <\/h2>\n\n\n\n<p class=\"wp-block-paragraph\">Looking back on 2025, there were many interesting, challenging, but also very rewarding activities and events. In 2026, new and ongoing projects are already accompanying us:<\/p>\n\n\n\n<ul class=\"wp-block-list\">\n<li>We are currently discussing publishing the proceedings of the 49th \u00d6LT.<\/li>\n\n\n\n<li>In April, the <em>Lange Nacht der Forschung<\/em> will take place in Vienna, and we will be there again with a booth.<\/li>\n\n\n\n<li>In June, the <a href=\"http:\/\/sprawien.at\/\">3rd spraWIEN <\/a>will take place in Vienna.<\/li>\n\n\n\n<li>In December, the proceedings of the 2nd spraWIEN will be published.<\/li>\n\n\n\n<li>In December, we will likely attend the 50th \u00d6LT in Salzburg.<\/li>\n<\/ul>\n\n\n\n<p class=\"wp-block-paragraph\">And who knows, maybe other projects and ideas will come our way this year. We are already excited to see what it brings. If you have any ideas or would love to make something come true, we are happy to help! \ud83d\ude42<\/p>\n","protected":false},"excerpt":{"rendered":"<p>2026 is barely two weeks old, and for us as an association, the new year begins with a reflection on everything that happened throughout 2025.<\/p>\n","protected":false},"author":1,"featured_media":969,"comment_status":"closed","ping_status":"closed","sticky":false,"template":"","format":"standard","meta":{"footnotes":"","_members_access_role":[],"_members_access_error":""},"categories":[1],"tags":[],"class_list":["post-964","post","type-post","status-publish","format-standard","has-post-thumbnail","hentry","category-allgemein"],"_links":{"self":[{"href":"https:\/\/emerginglinguists.org\/de\/wp-json\/wp\/v2\/posts\/964","targetHints":{"allow":["GET"]}}],"collection":[{"href":"https:\/\/emerginglinguists.org\/de\/wp-json\/wp\/v2\/posts"}],"about":[{"href":"https:\/\/emerginglinguists.org\/de\/wp-json\/wp\/v2\/types\/post"}],"author":[{"embeddable":true,"href":"https:\/\/emerginglinguists.org\/de\/wp-json\/wp\/v2\/users\/1"}],"replies":[{"embeddable":true,"href":"https:\/\/emerginglinguists.org\/de\/wp-json\/wp\/v2\/comments?post=964"}],"version-history":[{"count":1,"href":"https:\/\/emerginglinguists.org\/de\/wp-json\/wp\/v2\/posts\/964\/revisions"}],"predecessor-version":[{"id":970,"href":"https:\/\/emerginglinguists.org\/de\/wp-json\/wp\/v2\/posts\/964\/revisions\/970"}],"wp:featuredmedia":[{"embeddable":true,"href":"https:\/\/emerginglinguists.org\/de\/wp-json\/wp\/v2\/media\/969"}],"wp:attachment":[{"href":"https:\/\/emerginglinguists.org\/de\/wp-json\/wp\/v2\/media?parent=964"}],"wp:term":[{"taxonomy":"category","embeddable":true,"href":"https:\/\/emerginglinguists.org\/de\/wp-json\/wp\/v2\/categories?post=964"},{"taxonomy":"post_tag","embeddable":true,"href":"https:\/\/emerginglinguists.org\/de\/wp-json\/wp\/v2\/tags?post=964"}],"curies":[{"name":"wp","href":"https:\/\/api.w.org\/{rel}","templated":true}]}}