{"id":791,"date":"2025-01-14T15:35:43","date_gmt":"2025-01-14T14:35:43","guid":{"rendered":"https:\/\/emerginglinguists.org\/?p=791"},"modified":"2025-04-08T08:10:57","modified_gmt":"2025-04-08T06:10:57","slug":"laura-levstock-und-was-macht-man-mal-damit","status":"publish","type":"post","link":"https:\/\/emerginglinguists.org\/de\/laura-levstock-und-was-macht-man-mal-damit\/","title":{"rendered":"Laura Levstock: Und was macht man mal damit?"},"content":{"rendered":"\n<p class=\"wp-block-paragraph\">\u201eUnd was macht man mal damit?\u201d Kaum eine Person, die ein sprachwissenschaftliches Studium studiert, kennt diese Frage nicht. Dies liegt wohl auch daran, dass viele sprachwissenschaftliche Studien zu den <a href=\"https:\/\/de.wikipedia.org\/wiki\/Orchideenfach\">Orchideenf\u00e4chern <\/a>gez\u00e4hlt werden. Wikipedia z\u00e4hlt zum Beispiel Sprechwissenschaft, Onomastik, Afrikanistik oder Keltologie zu den Orchideenf\u00e4chern. <a href=\"http:\/\/karrierebibel.de\">Karrierebibel.de<\/a> schreibt, dass \u201e[e]in weiteres gro\u00dfes Feld [f\u00fcr Ochideenf\u00e4cher] bieten etwa die Sprachwissenschaften.\u201d Auf der gleichen Seite hei\u00dft es in Bezug auf Berufsaussichte dazu, dass \u201ediese F\u00e4cher [h\u00e4ufig] auf eine wissenschaftliche Laufbahn ausgelegt [sind] und legen den Schwerpunkt auf die Forschung.\u201d In Bezug auf Berufsaussichten res\u00fcmiert die Seite <a href=\"http:\/\/studis-online.de\">studis-online.de<\/a>, dass viele Berufsfelder denkbar sind, bleibt aber leider sehr unspezifisch.<\/p>\n\n\n\n<p class=\"wp-block-paragraph\">Mit unserer Reihe \u201eUnd was macht man mal damit?\u201d stellen wir euch Personen vor, die sprachwissenschaftliche Studien absolviert haben. Wir zeigen euch, warum sich diese Personen f\u00fcr ein sprachwissenschaftliches Studium entschieden haben und beantworten die Frage, was sie heute damit machen. Heute mit Laura Levstock.<\/p>\n\n\n\n<h3 class=\"wp-block-heading\">Warum hast du dich f\u00fcr ein Linguistik Studium entschieden?<\/h3>\n\n\n\n<p class=\"wp-block-paragraph\">Auf diese Frage habe ich gar keine spannende Antwort. Ich habe eigentlich Romanistik studiert und ein Teil des Studiums war auch der Sprachwissenschaft gewidmet. Das fand ich allerdings gar nicht spannend und heute wei\u00df ich warum: An dem Institut werden zu gro\u00dfen Teilen strukturalistische Ans\u00e4tze gelehrt. Ich nahm dann aber an einer Lehrveranstaltung teil, in der wir sprachwissenschaftliches Wissen anwenden mussten, was meine ganze Meinung zur Sprachwissenschaft ge\u00e4ndert hat. Kurz darauf habe ich mich entschlossen, Sprachwissenschaft als Zweitstudium zu beginnen. Aus dem Zweitstudium wurde dann aber schnell ein riesiges Interesse.<\/p>\n\n\n\n<h3 class=\"wp-block-heading\">Was fasziniert dich an der Sprachwissenschaft?<\/h3>\n\n\n\n<p class=\"wp-block-paragraph\">Mich fasziniert, dass wir durch (angewandte) sprachwissenschaftliche Perspektiven die M\u00f6glichkeit haben, zu verstehen, welche Bedeutungen hinter Aussagen etc. stehen. Wir k\u00f6nnen aus dem, was an der Oberfl\u00e4che vorhanden ist (etwa durch Texte, Bilder, Konversationen etc.) an Tieferliegendes gelangen. Wir gelangen zu Ideologien, Topoi, Vertextungsmustern, jegliche kommunikative Strategie usw.<\/p>\n\n\n\n<h3 class=\"wp-block-heading\">Was hat dich w\u00e4hrend deines Studiums besonders interessiert?<\/h3>\n\n\n\n<p class=\"wp-block-paragraph\">Besonders interessiert hat mich das Modul zur Wissenschaftstheorie und Geschichte der Sprachwissenschaft, weil man darin lernt, was \u00fcberhaupt alles als Wissen gelten kann und dass Wissen am Ende des Tages eine soziale Abmachung ist. Wir loten als Gesellschaft\/Gemeinschaft aus, was f\u00fcr uns Wissen ist und was nicht. Und genau das gleiche gilt f\u00fcr Wissenschaft. Wir haben bestimmte Ideen dar\u00fcber, was wissenschaftliches Wissen ist und wie es (re)produziert werden soll. Diese Ideen sind abh\u00e4ngig von der Zugeh\u00f6rigkeit zu gewissen Gruppen.<\/p>\n\n\n\n<h3 class=\"wp-block-heading\">Was machst du jetzt? Wie bist du dorthin gekommen? Was hat Linguistik mit deiner derzeitigen Arbeit zu tun?&nbsp;<\/h3>\n\n\n\n<p class=\"wp-block-paragraph\">Jetzt arbeite ich als Referentin f\u00fcr Organisationsentwicklung im Klimaschutzministerium (BMK), wo ich unterschiedliche Aufgaben \u00fcbernehme. Einerseits k\u00fcmmere ich mich um Meetingdesigns, die dazu dienen sollen, so nachhaltig wie m\u00f6glich das Ziel der jeweiligen Sitzung zu erreichen, sodass alle Beteiligten zufrieden und nicht vollkommen ersch\u00f6pft aus den meist doch sehr fordernden Besprechungen kommen. Andererseits f\u00fchre ich regelm\u00e4\u00dfig Schulungen f\u00fcr eine Gruppe durch, die sich intern um kommunikative Angelegenheiten (wie Moderationen, Interventionen etc.) k\u00fcmmert. Au\u00dferdem bin ich f\u00fcr einige weitere Aufgaben verantwortlich, die alle im Endeffekt mit der Verbesserung von Kommunikation zu tun haben. Und so sieht man auch, was die (Angewandte) Linguistik mit meiner Arbeit zu tun hat: Ich wende Wissen aus unterschiedlichen Feldern (Diskursanalyse, Pragmatik, Gespr\u00e4chsanalyse, Ethnografie) praktisch an und versuche dadurch die Kommunikation so zu verbessern, sodass f\u00fcr alle Beteiligten ein m\u00f6glichst angenehmes Arbeitsklima hergestellt wird.<\/p>\n","protected":false},"excerpt":{"rendered":"<p>In diesem Beitrag erz\u00e4hlt Laura, was man mit einem Linguistikstudium sp\u00e4ter mal machen kann.<\/p>\n","protected":false},"author":2,"featured_media":792,"comment_status":"closed","ping_status":"closed","sticky":false,"template":"","format":"standard","meta":{"footnotes":"","_members_access_role":[],"_members_access_error":""},"categories":[25],"tags":[],"class_list":["post-791","post","type-post","status-publish","format-standard","has-post-thumbnail","hentry","category-undwasmachtmandamit"],"_links":{"self":[{"href":"https:\/\/emerginglinguists.org\/de\/wp-json\/wp\/v2\/posts\/791","targetHints":{"allow":["GET"]}}],"collection":[{"href":"https:\/\/emerginglinguists.org\/de\/wp-json\/wp\/v2\/posts"}],"about":[{"href":"https:\/\/emerginglinguists.org\/de\/wp-json\/wp\/v2\/types\/post"}],"author":[{"embeddable":true,"href":"https:\/\/emerginglinguists.org\/de\/wp-json\/wp\/v2\/users\/2"}],"replies":[{"embeddable":true,"href":"https:\/\/emerginglinguists.org\/de\/wp-json\/wp\/v2\/comments?post=791"}],"version-history":[{"count":3,"href":"https:\/\/emerginglinguists.org\/de\/wp-json\/wp\/v2\/posts\/791\/revisions"}],"predecessor-version":[{"id":871,"href":"https:\/\/emerginglinguists.org\/de\/wp-json\/wp\/v2\/posts\/791\/revisions\/871"}],"wp:featuredmedia":[{"embeddable":true,"href":"https:\/\/emerginglinguists.org\/de\/wp-json\/wp\/v2\/media\/792"}],"wp:attachment":[{"href":"https:\/\/emerginglinguists.org\/de\/wp-json\/wp\/v2\/media?parent=791"}],"wp:term":[{"taxonomy":"category","embeddable":true,"href":"https:\/\/emerginglinguists.org\/de\/wp-json\/wp\/v2\/categories?post=791"},{"taxonomy":"post_tag","embeddable":true,"href":"https:\/\/emerginglinguists.org\/de\/wp-json\/wp\/v2\/tags?post=791"}],"curies":[{"name":"wp","href":"https:\/\/api.w.org\/{rel}","templated":true}]}}